{"id":572,"date":"2021-08-09T12:08:39","date_gmt":"2021-08-09T12:08:39","guid":{"rendered":"https:\/\/senerg.eu\/?p=572"},"modified":"2026-01-08T14:48:04","modified_gmt":"2026-01-08T13:48:04","slug":"projekty-uzgodnienia-ppoz","status":"publish","type":"post","link":"https:\/\/www.inwerter.com\/?p=572","title":{"rendered":"Projekty uzgodnienia PPO\u017c"},"content":{"rendered":"\n<p>Wykonujemy projekty uzgodnienia przeciwpo\u017carowego instalacji PV budynk\u00f3w.<br><strong>Gratis<\/strong>: karta zg\u0142oszenia do Pa\u0144stwowej Stra\u017cy Po\u017carnej + plan instalacji systemu fotowoltaicznego dla s\u0142u\u017cb ratowniczych.<\/p>\n\n\n\n<hr class=\"wp-block-separator has-alpha-channel-opacity\"\/>\n\n\n\n<div class=\"wp-block-columns is-layout-flex wp-container-core-columns-is-layout-9d6595d7 wp-block-columns-is-layout-flex\">\n<div class=\"wp-block-column is-layout-flow wp-block-column-is-layout-flow\">\n<div class=\"wp-block-group\"><div class=\"wp-block-group__inner-container is-layout-constrained wp-block-group-is-layout-constrained\">\n<p class=\"has-large-font-size\"><strong>Projekt ppo\u017c mikroinstalacji PV<\/strong><\/p>\n\n\n\n<p class=\"has-medium-font-size\"><strong>Wymogi dotycz\u0105ce mikroinstalacji dla uzgodnienia ppo\u017c:<\/strong><\/p>\n\n\n\n<ul class=\"wp-block-list\">\n<li>konieczno\u015bci wykonania po\u0142\u0105cze\u0144 przewod\u00f3w DC za pomoc\u0105 szybkoz\u0142\u0105czek (np. z\u0142\u0105czy MC4) tego samego typu i pochodz\u0105cych od tego samego producenta z jednoczesnym ograniczeniem liczby po\u0142\u0105cze\u0144 przewod\u00f3w po stronie DC,<\/li>\n\n\n\n<li>prowadzenie przewod\u00f3w DC, o ile to mo\u017cliwe, w metalowych kana\u0142ach kablowych z jednoczesn\u0105 konieczno\u015bci\u0105 eliminacji ostrych kraw\u0119dzi,<br>uk\u0142adanie przewod\u00f3w w odleg\u0142o\u015bci min. 10 cm od powierzchni dach\u00f3w, pokrytych materia\u0142em palnym,<\/li>\n\n\n\n<li>wprowadzenie oznakowania w budynku zgodnie z wytycznymi normy PN-HD 60364-7-712 poprzez umieszczenie naklejki informacyjnej w miejscu przy\u0142\u0105czenia instalacji PV, przy tablicy licznikowej oraz przy g\u0142\u00f3wnym wy\u0142\u0105czniku zasilania obiektu,<\/li>\n\n\n\n<li>oznakowanie tras kablowych dla przewod\u00f3w DC poprzez umieszczenie informacji: \u201eNiebezpiecze\u0144stwo \u2013 wysokie napi\u0119cie DC w ci\u0105gu dnia obecne po wy\u0142\u0105czeniu instalacji\u201d,<\/li>\n\n\n\n<li>konieczno\u015b\u0107 uszczelnienia przej\u015b\u0107 przewod\u00f3w przez \u015bciany\/stropy oddzielenia po\u017carowego materia\u0142ami ogdnioodpornymi o odporno\u015bci ogniowej nie mniejszej ni\u017c \u015bciana\/ strop oddzielenia po\u017carowego,<\/li>\n\n\n\n<li>konieczno\u015b\u0107 wykonania pomiar\u00f3w powykonawczych, w tym rezystancji izolacji (pomi\u0119dzy biegunem dodatnim a ziemi\u0105 oraz biegunem ujemnym a ziemi\u0105 \u2013 po stronie DC oraz pomi\u0119dzy przewodami czynnymi a ochronnymi \u2013 po stronie AC),<\/li>\n\n\n\n<li>zapewnienie w\u0142a\u015bciwych moment\u00f3w dokr\u0119cania z\u0142\u0105czek oraz stosowanie dedykowanych narz\u0119dzi.<\/li>\n<\/ul>\n<\/div><\/div>\n<\/div>\n\n\n\n<div class=\"wp-block-column is-layout-flow wp-block-column-is-layout-flow\">\n<figure class=\"wp-block-image size-large\"><img decoding=\"async\" src=\"https:\/\/www.inwerter.com\/wp-content\/uploads\/2021\/08\/ppoz-724x1024.jpg\" alt=\"\" class=\"wp-image-1283\"\/><\/figure>\n<\/div>\n<\/div>\n\n\n\n<hr class=\"wp-block-separator has-alpha-channel-opacity\"\/>\n\n\n\n<div class=\"wp-block-columns is-layout-flex wp-container-core-columns-is-layout-9d6595d7 wp-block-columns-is-layout-flex\">\n<div class=\"wp-block-column is-layout-flow wp-block-column-is-layout-flow\">\n<figure class=\"wp-block-image size-large\"><img decoding=\"async\" src=\"https:\/\/www.inwerter.com\/wp-content\/uploads\/2021\/08\/PLAN-INSTALACJI-759x1024.jpg\" alt=\"\" class=\"wp-image-1284\"\/><\/figure>\n<\/div>\n\n\n\n<div class=\"wp-block-column is-layout-flow wp-block-column-is-layout-flow\">\n<div class=\"wp-block-group\"><div class=\"wp-block-group__inner-container is-layout-constrained wp-block-group-is-layout-constrained\">\n<p class=\"has-medium-font-size\"><strong>Dodatkowo dla budynk\u00f3w z wyodr\u0119bnionymi strefami po\u017carowymi:<\/strong><\/p>\n\n\n\n<ul class=\"wp-block-list\">\n<li>monta\u017c falownik\u00f3w PV poza stref\u0105 po\u017carow\u0105 lub w wydzielonej strefie (np. pomieszczeniu rozdzielni elektrycznej),<\/li>\n\n\n\n<li>zabezpieczenie przewod\u00f3w strony DC pozostaj\u0105cych pod napi\u0119ciem w przypadku wy\u0142\u0105czenia falownika poprzez obudow\u0119 o odporno\u015bci ogniowej zapewniaj\u0105cej wydzielenie w strefie lub u\u017cycie kabli o odporno\u015bci ogniowej oraz dla zasilania urz\u0105dze\u0144, s\u0142u\u017c\u0105cych zasilaniu urz\u0105dze\u0144 ochrony przeciwpo\u017carowej,<\/li>\n\n\n\n<li>wprowadzeniu oznakowania informuj\u0105cego o obecno\u015bci instalacji PV r\u00f3wnie\u017c przy przycisku PWP,<\/li>\n\n\n\n<li>wprowadzenie zapisu w \u201eInstrukcji bezpiecze\u0144stwa po\u017carowego\u201d dotycz\u0105cego instalacji PV,<\/li>\n\n\n\n<li>zachowania odleg\u0142o\u015bci modu\u0142\u00f3w PV od \u015bcian oddzielenia ppo\u017c.<\/li>\n<\/ul>\n\n\n\n<p class=\"has-medium-font-size\"><strong>Zawiadomienie s\u0142u\u017cby PSP, o kt\u00f3rych mowa w art. 56 ust. 1a<\/strong><\/p>\n\n\n\n<p>Dokument powinien zawiera\u0107 nast\u0119puj\u0105ce informacje:<\/p>\n\n\n\n<ul class=\"wp-block-list\">\n<li>lokalizacja inwestycji (dane kontaktowe inwestora i instalatora),<\/li>\n\n\n\n<li>lokalizacja modu\u0142\u00f3w PV oraz falownika (invertera),<\/li>\n\n\n\n<li>trasa kablowa przewod\u00f3w strony DC wraz ze wskazaniem obudowy (o ile wyst\u0119puje),<\/li>\n\n\n\n<li>lokalizacja roz\u0142\u0105cznika DC.<\/li>\n<\/ul>\n<\/div><\/div>\n<\/div>\n<\/div>\n\n\n\n<hr class=\"wp-block-separator has-alpha-channel-opacity\"\/>\n\n\n\n<p class=\"has-text-align-center\" style=\"font-size:26px\"><strong>Skontaktuj si\u0119 z nami mailowo lub telefonicznie!<\/strong><\/p>\n\n\n\n<h2 class=\"wp-block-heading has-text-align-center\"><strong><em>tel. 790 338 616<\/em><\/strong><\/h2>\n\n\n\n<p><\/p>\n","protected":false},"excerpt":{"rendered":"<p>Wykonujemy projekty uzgodnienia przeciwpo\u017carowego instalacji PV budynk\u00f3w.Gratis: karta zg\u0142oszenia do Pa\u0144stwowej Stra\u017cy Po\u017carnej + plan instalacji systemu fotowoltaicznego dla s\u0142u\u017cb ratowniczych. Projekt ppo\u017c mikroinstalacji PV Wymogi dotycz\u0105ce mikroinstalacji dla uzgodnienia&hellip; <\/p>\n","protected":false},"author":1,"featured_media":0,"comment_status":"closed","ping_status":"closed","sticky":false,"template":"","format":"standard","meta":{"footnotes":""},"categories":[9],"tags":[],"class_list":["post-572","post","type-post","status-publish","format-standard","hentry","category-kotly-elektryczne"],"_links":{"self":[{"href":"https:\/\/www.inwerter.com\/index.php?rest_route=\/wp\/v2\/posts\/572","targetHints":{"allow":["GET"]}}],"collection":[{"href":"https:\/\/www.inwerter.com\/index.php?rest_route=\/wp\/v2\/posts"}],"about":[{"href":"https:\/\/www.inwerter.com\/index.php?rest_route=\/wp\/v2\/types\/post"}],"author":[{"embeddable":true,"href":"https:\/\/www.inwerter.com\/index.php?rest_route=\/wp\/v2\/users\/1"}],"replies":[{"embeddable":true,"href":"https:\/\/www.inwerter.com\/index.php?rest_route=%2Fwp%2Fv2%2Fcomments&post=572"}],"version-history":[{"count":3,"href":"https:\/\/www.inwerter.com\/index.php?rest_route=\/wp\/v2\/posts\/572\/revisions"}],"predecessor-version":[{"id":1587,"href":"https:\/\/www.inwerter.com\/index.php?rest_route=\/wp\/v2\/posts\/572\/revisions\/1587"}],"wp:attachment":[{"href":"https:\/\/www.inwerter.com\/index.php?rest_route=%2Fwp%2Fv2%2Fmedia&parent=572"}],"wp:term":[{"taxonomy":"category","embeddable":true,"href":"https:\/\/www.inwerter.com\/index.php?rest_route=%2Fwp%2Fv2%2Fcategories&post=572"},{"taxonomy":"post_tag","embeddable":true,"href":"https:\/\/www.inwerter.com\/index.php?rest_route=%2Fwp%2Fv2%2Ftags&post=572"}],"curies":[{"name":"wp","href":"https:\/\/api.w.org\/{rel}","templated":true}]}}